{"id":26,"date":"2008-02-06T10:04:13","date_gmt":"2008-02-06T09:04:13","guid":{"rendered":"https:\/\/www.interdeco.de\/dekotipps\/gardinen\/raffrollos-raffvorhaenge"},"modified":"2012-10-01T16:25:59","modified_gmt":"2012-10-01T15:25:59","slug":"raffrollos-raffvorhaenge","status":"publish","type":"post","link":"https:\/\/www.interdeco.de\/dekotipps\/raffrollos-raffvorhaenge\/","title":{"rendered":"Raffrollos im Trend &#8211; Raffvorh\u00e4nge f\u00fcr die moderne Fensterdeko"},"content":{"rendered":"<p>F\u00fcr eine moderne Fensterdekoration ist es heute fast unerl\u00e4sslich, verschiedene Gardinen miteinander zu kombinieren. Dabei kann die Verwendung von Raffrollos sehr hilfreich sein. Eine lockere Mischung der Gardinendekoration gibt dem gesamten Raum ein neues Bild.<!--more--><\/p>\n<p><a title=\"Raffrollos\" href=\"https:\/\/www.interdeco.de\/gardinen-vorhaenge\/raffrollos-raffvorhaenge\/\"><img loading=\"lazy\" decoding=\"async\" style=\"float: left; margin: 0pt 3ex 1ex 0pt;\" src=\"https:\/\/www.interdeco.de\/dekotipps\/wp-content\/uploads\/2008\/02\/raffrollos-raffvorhaenge.jpg\" alt=\"Raffrollos und Raffvorh\u00e4nge\" width=\"277\" height=\"277\" align=\"middle\" border=\"3\" hspace=\"5\" \/><\/a><\/p>\n<h2>Was sind Raffrollos und wie werden diese angebracht?<\/h2>\n<p>Diese Frage ist relativ einfach zu beantworten, denn es handelt sich hierbei um bedienbare <a title=\"Gardinen\" href=\"https:\/\/www.interdeco.de\/gardinen-vorhaenge\/\">Gardinen<\/a>, die durch einen seitlichen Schnurzug, \u00e4hnlich wie bei den Jalousien, ge\u00f6ffnet und geschlossen werden k\u00f6nnen. Befestigt wird das Raffrollo beispielsweise an einer Innenlaufstange oder mit dem Klettband direkt am Fensterrahmen. Die erste Variante wird von uns empfohlen, da es die stabilste Anbringung ist. Die meisten Raffvorh\u00e4nge sind aus leichten Stoffen wie zum Beispiel Polyester hergestellt und geben dem Wohnraum ein modernes und luftiges Feeling. Durch die vielen verschiedenen Farbwelten findet man f\u00fcr jede passende Farbgebung, welche die Einrichtung, Fu\u00dfboden und Wandanstrich umfasst, das richtige Raffrollo.<\/p>\n<h2>K\u00f6nnen die Raffrollos auch gewaschen werden?<\/h2>\n<p>Wie bei textilen Produkten sollten Sie unbedingt die Pflegeanleitung beachten, welche entweder im Lieferumfang beiliegt oder als Pflegesymbole in Form eines Etikettes direkt am Produkt angebracht ist.<\/p>\n<h2>Gibt es verschiedene Systeme?<\/h2>\n<p>Es gibt auch bei den Systemen der Raffrollos herstellerbedingt entsprechende Unterschiede. Dennoch handelt es sich meistens um das gleiche Funktionsprinzip. Die Unterschiede sind nur in den verschieden aussehenden Bauteilen bzw. Komponenten zu finden. Durch die seitliche Schnurbedienung wird am Kopf des Raffrollosystems eine Spule bewegt, welche die Zugschn\u00fcre auf- und abwickelt und somit den Raffvorhang entweder nach oben oder nach unten bewegt. Die Raffrollos aus unserem Lieferprogramm sind fix und fertig konfektioniert. Man braucht es nur auszupacken und anbringen. Passende Gardinenstangen f\u00fcr die Anbringung finden Sie in unserem Sortiment. Sollten Sie Fragen haben, dann steht Ihnen unser kompetentes Serviceteam gerne auch telefonisch zur Verf\u00fcgung.<\/p>","protected":false},"excerpt":{"rendered":"<p>F\u00fcr eine moderne Fensterdekoration ist es heute fast unerl\u00e4sslich, verschiedene Gardinen miteinander zu kombinieren. Dabei kann die Verwendung von Raffrollos sehr hilfreich sein. Eine lockere Mischung der Gardinendekoration gibt dem gesamten Raum ein neues Bild.<\/p>\n","protected":false},"author":6,"featured_media":1284,"comment_status":"open","ping_status":"open","sticky":false,"template":"","format":"standard","meta":{"footnotes":""},"categories":[261],"tags":[],"class_list":["post-26","post","type-post","status-publish","format-standard","has-post-thumbnail","hentry","category-gardinen","entry"],"_links":{"self":[{"href":"https:\/\/www.interdeco.de\/dekotipps\/wp-json\/wp\/v2\/posts\/26","targetHints":{"allow":["GET"]}}],"collection":[{"href":"https:\/\/www.interdeco.de\/dekotipps\/wp-json\/wp\/v2\/posts"}],"about":[{"href":"https:\/\/www.interdeco.de\/dekotipps\/wp-json\/wp\/v2\/types\/post"}],"author":[{"embeddable":true,"href":"https:\/\/www.interdeco.de\/dekotipps\/wp-json\/wp\/v2\/users\/6"}],"replies":[{"embeddable":true,"href":"https:\/\/www.interdeco.de\/dekotipps\/wp-json\/wp\/v2\/comments?post=26"}],"version-history":[{"count":2,"href":"https:\/\/www.interdeco.de\/dekotipps\/wp-json\/wp\/v2\/posts\/26\/revisions"}],"predecessor-version":[{"id":1700,"href":"https:\/\/www.interdeco.de\/dekotipps\/wp-json\/wp\/v2\/posts\/26\/revisions\/1700"}],"wp:featuredmedia":[{"embeddable":true,"href":"https:\/\/www.interdeco.de\/dekotipps\/wp-json\/wp\/v2\/media\/1284"}],"wp:attachment":[{"href":"https:\/\/www.interdeco.de\/dekotipps\/wp-json\/wp\/v2\/media?parent=26"}],"wp:term":[{"taxonomy":"category","embeddable":true,"href":"https:\/\/www.interdeco.de\/dekotipps\/wp-json\/wp\/v2\/categories?post=26"},{"taxonomy":"post_tag","embeddable":true,"href":"https:\/\/www.interdeco.de\/dekotipps\/wp-json\/wp\/v2\/tags?post=26"}],"curies":[{"name":"wp","href":"https:\/\/api.w.org\/{rel}","templated":true}]}}