{"id":17,"date":"2008-01-29T15:28:46","date_gmt":"2008-01-29T14:28:46","guid":{"rendered":"https:\/\/www.interdeco.de\/dekotipps\/gardinen\/deckenschienen-schiebegardinen-fensterdeko"},"modified":"2022-07-15T08:25:15","modified_gmt":"2022-07-15T06:25:15","slug":"deckenschienen-schiebegardinen-fensterdeko","status":"publish","type":"post","link":"https:\/\/www.interdeco.de\/dekotipps\/deckenschienen-schiebegardinen-fensterdeko\/","title":{"rendered":"Deckenschienen sind ideal f\u00fcr Schiebegardinen und Fensterdeko"},"content":{"rendered":"<p>Um die vielen M\u00f6glichkeiten der Fensterdeko zu erfahren, sollten Sie beim Online-Raumausstatter einen genauen Blick auf die Schiebegardinen werfen und auf die einfache Befestigung an den Deckenschienen achten.<!--more--><\/p>\n<p><a title=\"Deckenschienen\" href=\"https:\/\/www.interdeco.de\/gardinenschienen\/\"><img loading=\"lazy\" decoding=\"async\" style=\"float: left; margin: 0px 3ex 1ex 1ex;\" src=\"https:\/\/www.interdeco.de\/dekotipps\/wp-content\/uploads\/2008\/01\/deckenschienen-paneelwagen.jpg\" alt=\"Deckenschienen und Paneelwagen\" width=\"240\" hspace=\"5\" height=\"180\" border=\"3\" align=\"middle\"><\/a><\/p>\n<p>Im Prinzip ist das System ganz einfach. Sie brauchen neben der Schiene auch Paneelwagen. Dieser ist \u00fcber die komplette lange Seite mit einem Klettband versehen ist. Das Gegenst\u00fcck zum Klettband ist das sogenannte Flauschband. Dieses Flauschband befindet sich in der Regel standardm\u00e4\u00dfig fix und fertig an den Schiebevorhang. Durch das einfache Andr\u00fccken der Schiebegardine an dem Paneelwagen ist der Gardinenschal fixiert. Nun einfach den Paneelwagen in die Gardinenschiene einsetzen und fertig ist die Fensterdeko.<\/p>\n<h2>Gibt es mehrere Formen von Deckenschienen?<\/h2>\n<p>Die technischen Eigenschaften und verwendeten Materialien k\u00f6nnen sehr unterschiedlich sein. Es gibt zum Beispiel eine Vielzahl unterschiedlicher Profile, welche f\u00fcr die Herstellung spezieller Deckenschienen verwendet werden. Je nach Verwendungszweck sollte das richtige Aluprofil ausgesucht werden. In der Regel werden mehrl\u00e4ufige Ausf\u00fchrungen verwendet, da hierbei die M\u00f6glichkeiten der <a title=\"Schiebegardinen\" href=\"https:\/\/www.interdeco.de\/gardinen-vorhaenge\/schiebevorhaenge\/\">Dekoration mit den Schiebegardinen<\/a> noch vielf\u00e4ltiger sind. Als Material kommt meistens aus Stabilit\u00e4tsgr\u00fcnden Aluminium in Frage. Die leichte Verarbeitung und die vielseitigen M\u00f6glichkeiten der Oberfl\u00e4chenbeschichtung sowie die gute gute Gleitf\u00e4higkeit der Innenl\u00e4ufe sind dabei die wesentlichen Vorteile.<\/p>\n<p>Alternativ gibt es aber auch Deckenschienen aus Kunststoff mit Holzkern oder als Hohlkammerschiene. Letztendlich ist es das schlichte und zeitlose Erscheinungsbild und die funktionale Vielseitigkeit, weshalb die Deckenschiene unbedingt in den Zusammenhang mit den Schiebegardinen gebracht werden muss.<\/p>","protected":false},"excerpt":{"rendered":"<p>Moderne Schiebevorh\u00e4nge lassen sich an besten an den Gardinenschienen anbringen. Die Deckenschienen selbst lassen sich unter der Zimmerdecke anbringen, hierzu wird zu den meisten Vorhangschienen auch entsprechendes Zubeh\u00f6r angeboten. Die Schiebegardinen werden an den Paneelwagen angebracht, welche direkt in den Lauf der Gardinenschiene eingeschoben wird und somit nach links und rechts verschoben werden kann.<\/p>\n","protected":false},"author":6,"featured_media":1280,"comment_status":"open","ping_status":"open","sticky":false,"template":"","format":"standard","meta":{"footnotes":""},"categories":[261],"tags":[],"class_list":["post-17","post","type-post","status-publish","format-standard","has-post-thumbnail","hentry","category-gardinen","entry"],"_links":{"self":[{"href":"https:\/\/www.interdeco.de\/dekotipps\/wp-json\/wp\/v2\/posts\/17","targetHints":{"allow":["GET"]}}],"collection":[{"href":"https:\/\/www.interdeco.de\/dekotipps\/wp-json\/wp\/v2\/posts"}],"about":[{"href":"https:\/\/www.interdeco.de\/dekotipps\/wp-json\/wp\/v2\/types\/post"}],"author":[{"embeddable":true,"href":"https:\/\/www.interdeco.de\/dekotipps\/wp-json\/wp\/v2\/users\/6"}],"replies":[{"embeddable":true,"href":"https:\/\/www.interdeco.de\/dekotipps\/wp-json\/wp\/v2\/comments?post=17"}],"version-history":[{"count":7,"href":"https:\/\/www.interdeco.de\/dekotipps\/wp-json\/wp\/v2\/posts\/17\/revisions"}],"predecessor-version":[{"id":2536,"href":"https:\/\/www.interdeco.de\/dekotipps\/wp-json\/wp\/v2\/posts\/17\/revisions\/2536"}],"wp:featuredmedia":[{"embeddable":true,"href":"https:\/\/www.interdeco.de\/dekotipps\/wp-json\/wp\/v2\/media\/1280"}],"wp:attachment":[{"href":"https:\/\/www.interdeco.de\/dekotipps\/wp-json\/wp\/v2\/media?parent=17"}],"wp:term":[{"taxonomy":"category","embeddable":true,"href":"https:\/\/www.interdeco.de\/dekotipps\/wp-json\/wp\/v2\/categories?post=17"},{"taxonomy":"post_tag","embeddable":true,"href":"https:\/\/www.interdeco.de\/dekotipps\/wp-json\/wp\/v2\/tags?post=17"}],"curies":[{"name":"wp","href":"https:\/\/api.w.org\/{rel}","templated":true}]}}